{"id":5524,"date":"2026-08-31T15:14:28","date_gmt":"2026-08-31T18:14:28","guid":{"rendered":"https:\/\/theopteam.net\/?p=5524"},"modified":"2026-08-31T15:14:28","modified_gmt":"2026-08-31T18:14:28","slug":"os-precos-estao-esfriando-mas-isso-nao-significa-o-que-a-maioria-das-pessoas-imagina","status":"publish","type":"post","link":"https:\/\/theopteam.net\/en\/os-precos-estao-esfriando-mas-isso-nao-significa-o-que-a-maioria-das-pessoas-imagina\/","title":{"rendered":"Os pre\u00e7os est\u00e3o esfriando. Mas isso n\u00e3o significa o que a maioria das pessoas imagina."},"content":{"rendered":"<h1 data-prosemirror-content-type=\"node\" data-prosemirror-node-name=\"heading\" data-prosemirror-node-block=\"true\" data-pm-slice=\"0 0 []\"><\/h1>\n<p data-prosemirror-content-type=\"node\" data-prosemirror-node-name=\"paragraph\" data-prosemirror-node-block=\"true\">Quando as manchetes dizem que os pre\u00e7os dos im\u00f3veis est\u00e3o desacelerando, muita gente interpreta isso como um sinal de crise. A realidade, por\u00e9m, \u00e9 bem diferente.<\/p>\n<p data-prosemirror-content-type=\"node\" data-prosemirror-node-name=\"paragraph\" data-prosemirror-node-block=\"true\">Depois de anos de valoriza\u00e7\u00e3o acelerada, o mercado imobili\u00e1rio do Sul da Fl\u00f3rida est\u00e1 entrando em uma fase de reequil\u00edbrio. Isso significa que os im\u00f3veis est\u00e3o levando um pouco mais de tempo para serem vendidos, o estoque dispon\u00edvel aumentou e o ritmo de crescimento dos pre\u00e7os voltou a n\u00edveis mais sustent\u00e1veis.<\/p>\n<p data-prosemirror-content-type=\"node\" data-prosemirror-node-name=\"paragraph\" data-prosemirror-node-block=\"true\">Para quem acompanha apenas as not\u00edcias, isso pode parecer um motivo para esperar ainda mais. Mas quem conhece o mercado entende que esse cen\u00e1rio costuma beneficiar o comprador.<\/p>\n<p data-prosemirror-content-type=\"node\" data-prosemirror-node-name=\"paragraph\" data-prosemirror-node-block=\"true\">Em um mercado extremamente aquecido, im\u00f3veis recebem diversas ofertas em poucos dias, h\u00e1 pouca margem para negocia\u00e7\u00e3o e muitas decis\u00f5es precisam ser tomadas com pressa. J\u00e1 em um mercado reequilibrado, o comprador ganha algo muito valioso: tempo. Tempo para comparar im\u00f3veis, analisar a documenta\u00e7\u00e3o, negociar melhores condi\u00e7\u00f5es e escolher a propriedade que realmente faz sentido para seus objetivos.<\/p>\n<p data-prosemirror-content-type=\"node\" data-prosemirror-node-name=\"paragraph\" data-prosemirror-node-block=\"true\">\u00c9 importante entender que <strong data-prosemirror-content-type=\"mark\" data-prosemirror-mark-name=\"strong\">reequil\u00edbrio n\u00e3o \u00e9 sin\u00f4nimo de retra\u00e7\u00e3o<\/strong>. Os pre\u00e7os podem crescer em um ritmo mais lento sem que o mercado esteja perdendo for\u00e7a. Na verdade, esse comportamento costuma indicar um ambiente mais saud\u00e1vel, no qual compradores e vendedores conseguem negociar de forma mais racional.<\/p>\n<p data-prosemirror-content-type=\"node\" data-prosemirror-node-name=\"paragraph\" data-prosemirror-node-block=\"true\">Esse tipo de mercado favorece principalmente quem investe pensando no longo prazo, e n\u00e3o quem busca ganhos r\u00e1pidos com especula\u00e7\u00e3o. S\u00e3o justamente nesses momentos que surgem oportunidades de negocia\u00e7\u00e3o que dificilmente existiriam durante os per\u00edodos de maior euforia.<\/p>\n<p data-prosemirror-content-type=\"node\" data-prosemirror-node-name=\"paragraph\" data-prosemirror-node-block=\"true\">Por isso, antes de interpretar uma manchete sobre &#8220;queda no ritmo dos pre\u00e7os&#8221;, vale a pena olhar o contexto completo. Um mercado mais equilibrado pode representar exatamente a janela de oportunidade que muitos compradores esperavam para entrar com mais seguran\u00e7a e menos press\u00e3o.<\/p>\n<p data-prosemirror-content-type=\"node\" data-prosemirror-node-name=\"paragraph\" data-prosemirror-node-block=\"true\">Se voc\u00ea acompanha o mercado imobili\u00e1rio da Fl\u00f3rida, continue acompanhando o blog. Aqui compartilho an\u00e1lises baseadas em dados e explica\u00e7\u00f5es que ajudam investidores e compradores brasileiros a entender o que realmente est\u00e1 acontecendo, muito al\u00e9m das manchetes.<\/p>\n","protected":false},"excerpt":{"rendered":"<p>Quando as manchetes dizem que os pre\u00e7os dos im\u00f3veis est\u00e3o desacelerando, muita gente interpreta isso como um sinal de crise. A realidade, por\u00e9m, \u00e9 bem diferente. Depois de anos de valoriza\u00e7\u00e3o acelerada, o mercado imobili\u00e1rio do Sul da Fl\u00f3rida est\u00e1 entrando em uma fase de reequil\u00edbrio. Isso significa que os im\u00f3veis est\u00e3o levando um pouco [&hellip;]<\/p>\n","protected":false},"author":13,"featured_media":5525,"comment_status":"closed","ping_status":"closed","sticky":false,"template":"","format":"standard","meta":{"_acf_changed":false,"inline_featured_image":false,"footnotes":""},"categories":[1],"tags":[],"class_list":["post-5524","post","type-post","status-publish","format-standard","has-post-thumbnail","hentry","category-sem-categoria"],"acf":[],"yoast_head":"<!-- This site is optimized with the Yoast SEO plugin v28.2 - https:\/\/yoast.com\/product\/yoast-seo-wordpress\/ -->\n<title>Os pre\u00e7os est\u00e3o esfriando. Mas isso n\u00e3o significa o que a maioria das pessoas imagina. - The OP Team<\/title>\n<meta name=\"description\" content=\"Quando as manchetes dizem que os pre\u00e7os dos im\u00f3veis est\u00e3o desacelerando, muita gente interpreta isso como um sinal de crise. A realidade, por\u00e9m, \u00e9 bem diferente.\" \/>\n<meta name=\"robots\" content=\"index, follow, max-snippet:-1, max-image-preview:large, max-video-preview:-1\" \/>\n<link rel=\"canonical\" href=\"https:\/\/theopteam.net\/os-precos-estao-esfriando-mas-isso-nao-significa-o-que-a-maioria-das-pessoas-imagina\/\" \/>\n<meta property=\"og:locale\" content=\"en_US\" \/>\n<meta property=\"og:type\" content=\"article\" \/>\n<meta property=\"og:title\" content=\"Os pre\u00e7os est\u00e3o esfriando. Mas isso n\u00e3o significa o que a maioria das pessoas imagina. - The OP Team\" \/>\n<meta property=\"og:description\" content=\"Quando as manchetes dizem que os pre\u00e7os dos im\u00f3veis est\u00e3o desacelerando, muita gente interpreta isso como um sinal de crise. A realidade, por\u00e9m, \u00e9 bem diferente.\" \/>\n<meta property=\"og:url\" content=\"https:\/\/theopteam.net\/os-precos-estao-esfriando-mas-isso-nao-significa-o-que-a-maioria-das-pessoas-imagina\/\" \/>\n<meta property=\"og:site_name\" content=\"The OP Team\" \/>\n<meta property=\"article:published_time\" content=\"2026-08-31T18:14:28+00:00\" \/>\n<meta property=\"og:image\" content=\"https:\/\/theopteam.net\/wp-content\/uploads\/2026\/08\/4-1-1024x684.png\" \/>\n\t<meta property=\"og:image:width\" content=\"1024\" \/>\n\t<meta property=\"og:image:height\" content=\"684\" \/>\n\t<meta property=\"og:image:type\" content=\"image\/png\" \/>\n<meta name=\"author\" content=\"elen\" \/>\n<meta name=\"twitter:card\" content=\"summary_large_image\" \/>\n<meta name=\"twitter:label1\" content=\"Written by\" \/>\n\t<meta name=\"twitter:data1\" content=\"elen\" \/>\n\t<meta name=\"twitter:label2\" content=\"Est. reading time\" \/>\n\t<meta name=\"twitter:data2\" content=\"3 minutes\" \/>\n<script type=\"application\/ld+json\" class=\"yoast-schema-graph\">{\"@context\":\"https:\\\/\\\/schema.org\",\"@graph\":[{\"@type\":\"Article\",\"@id\":\"https:\\\/\\\/theopteam.net\\\/os-precos-estao-esfriando-mas-isso-nao-significa-o-que-a-maioria-das-pessoas-imagina\\\/#article\",\"isPartOf\":{\"@id\":\"https:\\\/\\\/theopteam.net\\\/os-precos-estao-esfriando-mas-isso-nao-significa-o-que-a-maioria-das-pessoas-imagina\\\/\"},\"author\":{\"name\":\"elen\",\"@id\":\"https:\\\/\\\/theopteam.net\\\/#\\\/schema\\\/person\\\/7e0307a5733fb2a6ce662f30e40ff4e8\"},\"headline\":\"Os pre\u00e7os est\u00e3o esfriando. Mas isso n\u00e3o significa o que a maioria das pessoas imagina.\",\"datePublished\":\"2026-08-31T18:14:28+00:00\",\"mainEntityOfPage\":{\"@id\":\"https:\\\/\\\/theopteam.net\\\/os-precos-estao-esfriando-mas-isso-nao-significa-o-que-a-maioria-das-pessoas-imagina\\\/\"},\"wordCount\":386,\"publisher\":{\"@id\":\"https:\\\/\\\/theopteam.net\\\/#organization\"},\"image\":{\"@id\":\"https:\\\/\\\/theopteam.net\\\/os-precos-estao-esfriando-mas-isso-nao-significa-o-que-a-maioria-das-pessoas-imagina\\\/#primaryimage\"},\"thumbnailUrl\":\"https:\\\/\\\/theopteam.net\\\/wp-content\\\/uploads\\\/2026\\\/08\\\/4-1.png\",\"inLanguage\":\"en-US\"},{\"@type\":\"WebPage\",\"@id\":\"https:\\\/\\\/theopteam.net\\\/os-precos-estao-esfriando-mas-isso-nao-significa-o-que-a-maioria-das-pessoas-imagina\\\/\",\"url\":\"https:\\\/\\\/theopteam.net\\\/os-precos-estao-esfriando-mas-isso-nao-significa-o-que-a-maioria-das-pessoas-imagina\\\/\",\"name\":\"Os pre\u00e7os est\u00e3o esfriando. Mas isso n\u00e3o significa o que a maioria das pessoas imagina. - The OP Team\",\"isPartOf\":{\"@id\":\"https:\\\/\\\/theopteam.net\\\/#website\"},\"primaryImageOfPage\":{\"@id\":\"https:\\\/\\\/theopteam.net\\\/os-precos-estao-esfriando-mas-isso-nao-significa-o-que-a-maioria-das-pessoas-imagina\\\/#primaryimage\"},\"image\":{\"@id\":\"https:\\\/\\\/theopteam.net\\\/os-precos-estao-esfriando-mas-isso-nao-significa-o-que-a-maioria-das-pessoas-imagina\\\/#primaryimage\"},\"thumbnailUrl\":\"https:\\\/\\\/theopteam.net\\\/wp-content\\\/uploads\\\/2026\\\/08\\\/4-1.png\",\"datePublished\":\"2026-08-31T18:14:28+00:00\",\"description\":\"Quando as manchetes dizem que os pre\u00e7os dos im\u00f3veis est\u00e3o desacelerando, muita gente interpreta isso como um sinal de crise. A realidade, por\u00e9m, \u00e9 bem diferente.\",\"breadcrumb\":{\"@id\":\"https:\\\/\\\/theopteam.net\\\/os-precos-estao-esfriando-mas-isso-nao-significa-o-que-a-maioria-das-pessoas-imagina\\\/#breadcrumb\"},\"inLanguage\":\"en-US\",\"potentialAction\":[{\"@type\":\"ReadAction\",\"target\":[\"https:\\\/\\\/theopteam.net\\\/os-precos-estao-esfriando-mas-isso-nao-significa-o-que-a-maioria-das-pessoas-imagina\\\/\"]}]},{\"@type\":\"ImageObject\",\"inLanguage\":\"en-US\",\"@id\":\"https:\\\/\\\/theopteam.net\\\/os-precos-estao-esfriando-mas-isso-nao-significa-o-que-a-maioria-das-pessoas-imagina\\\/#primaryimage\",\"url\":\"https:\\\/\\\/theopteam.net\\\/wp-content\\\/uploads\\\/2026\\\/08\\\/4-1.png\",\"contentUrl\":\"https:\\\/\\\/theopteam.net\\\/wp-content\\\/uploads\\\/2026\\\/08\\\/4-1.png\",\"width\":2050,\"height\":1370},{\"@type\":\"BreadcrumbList\",\"@id\":\"https:\\\/\\\/theopteam.net\\\/os-precos-estao-esfriando-mas-isso-nao-significa-o-que-a-maioria-das-pessoas-imagina\\\/#breadcrumb\",\"itemListElement\":[{\"@type\":\"ListItem\",\"position\":1,\"name\":\"In\u00edcio\",\"item\":\"https:\\\/\\\/theopteam.net\\\/en\\\/\"},{\"@type\":\"ListItem\",\"position\":2,\"name\":\"Os pre\u00e7os est\u00e3o esfriando. Mas isso n\u00e3o significa o que a maioria das pessoas imagina.\"}]},{\"@type\":\"WebSite\",\"@id\":\"https:\\\/\\\/theopteam.net\\\/#website\",\"url\":\"https:\\\/\\\/theopteam.net\\\/\",\"name\":\"The OP Team\",\"description\":\"\",\"publisher\":{\"@id\":\"https:\\\/\\\/theopteam.net\\\/#organization\"},\"potentialAction\":[{\"@type\":\"SearchAction\",\"target\":{\"@type\":\"EntryPoint\",\"urlTemplate\":\"https:\\\/\\\/theopteam.net\\\/?s={search_term_string}\"},\"query-input\":{\"@type\":\"PropertyValueSpecification\",\"valueRequired\":true,\"valueName\":\"search_term_string\"}}],\"inLanguage\":\"en-US\"},{\"@type\":\"Organization\",\"@id\":\"https:\\\/\\\/theopteam.net\\\/#organization\",\"name\":\"The OP Team\",\"url\":\"https:\\\/\\\/theopteam.net\\\/\",\"logo\":{\"@type\":\"ImageObject\",\"inLanguage\":\"en-US\",\"@id\":\"https:\\\/\\\/theopteam.net\\\/#\\\/schema\\\/logo\\\/image\\\/\",\"url\":\"https:\\\/\\\/theopteam.net\\\/wp-content\\\/uploads\\\/2024\\\/01\\\/logo-op-team.png\",\"contentUrl\":\"https:\\\/\\\/theopteam.net\\\/wp-content\\\/uploads\\\/2024\\\/01\\\/logo-op-team.png\",\"width\":3089,\"height\":1550,\"caption\":\"The OP Team\"},\"image\":{\"@id\":\"https:\\\/\\\/theopteam.net\\\/#\\\/schema\\\/logo\\\/image\\\/\"}},{\"@type\":\"Person\",\"@id\":\"https:\\\/\\\/theopteam.net\\\/#\\\/schema\\\/person\\\/7e0307a5733fb2a6ce662f30e40ff4e8\",\"name\":\"elen\",\"image\":{\"@type\":\"ImageObject\",\"inLanguage\":\"en-US\",\"@id\":\"https:\\\/\\\/secure.gravatar.com\\\/avatar\\\/e1ad3d8fdc43b0bcab24899e60f90cd1a099f9869e8071e7eeaa6a17052209a0?s=96&d=mm&r=g\",\"url\":\"https:\\\/\\\/secure.gravatar.com\\\/avatar\\\/e1ad3d8fdc43b0bcab24899e60f90cd1a099f9869e8071e7eeaa6a17052209a0?s=96&d=mm&r=g\",\"contentUrl\":\"https:\\\/\\\/secure.gravatar.com\\\/avatar\\\/e1ad3d8fdc43b0bcab24899e60f90cd1a099f9869e8071e7eeaa6a17052209a0?s=96&d=mm&r=g\",\"caption\":\"elen\"},\"url\":\"https:\\\/\\\/theopteam.net\\\/en\\\/author\\\/elen\\\/\"}]}<\/script>\n<!-- \/ Yoast SEO plugin. -->","yoast_head_json":{"title":"Os pre\u00e7os est\u00e3o esfriando. Mas isso n\u00e3o significa o que a maioria das pessoas imagina. - The OP Team","description":"Quando as manchetes dizem que os pre\u00e7os dos im\u00f3veis est\u00e3o desacelerando, muita gente interpreta isso como um sinal de crise. A realidade, por\u00e9m, \u00e9 bem diferente.","robots":{"index":"index","follow":"follow","max-snippet":"max-snippet:-1","max-image-preview":"max-image-preview:large","max-video-preview":"max-video-preview:-1"},"canonical":"https:\/\/theopteam.net\/os-precos-estao-esfriando-mas-isso-nao-significa-o-que-a-maioria-das-pessoas-imagina\/","og_locale":"en_US","og_type":"article","og_title":"Os pre\u00e7os est\u00e3o esfriando. Mas isso n\u00e3o significa o que a maioria das pessoas imagina. - The OP Team","og_description":"Quando as manchetes dizem que os pre\u00e7os dos im\u00f3veis est\u00e3o desacelerando, muita gente interpreta isso como um sinal de crise. A realidade, por\u00e9m, \u00e9 bem diferente.","og_url":"https:\/\/theopteam.net\/os-precos-estao-esfriando-mas-isso-nao-significa-o-que-a-maioria-das-pessoas-imagina\/","og_site_name":"The OP Team","article_published_time":"2026-08-31T18:14:28+00:00","og_image":[{"width":1024,"height":684,"url":"https:\/\/theopteam.net\/wp-content\/uploads\/2026\/08\/4-1-1024x684.png","type":"image\/png"}],"author":"elen","twitter_card":"summary_large_image","twitter_misc":{"Written by":"elen","Est. reading time":"3 minutes"},"schema":{"@context":"https:\/\/schema.org","@graph":[{"@type":"Article","@id":"https:\/\/theopteam.net\/os-precos-estao-esfriando-mas-isso-nao-significa-o-que-a-maioria-das-pessoas-imagina\/#article","isPartOf":{"@id":"https:\/\/theopteam.net\/os-precos-estao-esfriando-mas-isso-nao-significa-o-que-a-maioria-das-pessoas-imagina\/"},"author":{"name":"elen","@id":"https:\/\/theopteam.net\/#\/schema\/person\/7e0307a5733fb2a6ce662f30e40ff4e8"},"headline":"Os pre\u00e7os est\u00e3o esfriando. Mas isso n\u00e3o significa o que a maioria das pessoas imagina.","datePublished":"2026-08-31T18:14:28+00:00","mainEntityOfPage":{"@id":"https:\/\/theopteam.net\/os-precos-estao-esfriando-mas-isso-nao-significa-o-que-a-maioria-das-pessoas-imagina\/"},"wordCount":386,"publisher":{"@id":"https:\/\/theopteam.net\/#organization"},"image":{"@id":"https:\/\/theopteam.net\/os-precos-estao-esfriando-mas-isso-nao-significa-o-que-a-maioria-das-pessoas-imagina\/#primaryimage"},"thumbnailUrl":"https:\/\/theopteam.net\/wp-content\/uploads\/2026\/08\/4-1.png","inLanguage":"en-US"},{"@type":"WebPage","@id":"https:\/\/theopteam.net\/os-precos-estao-esfriando-mas-isso-nao-significa-o-que-a-maioria-das-pessoas-imagina\/","url":"https:\/\/theopteam.net\/os-precos-estao-esfriando-mas-isso-nao-significa-o-que-a-maioria-das-pessoas-imagina\/","name":"Os pre\u00e7os est\u00e3o esfriando. Mas isso n\u00e3o significa o que a maioria das pessoas imagina. - The OP Team","isPartOf":{"@id":"https:\/\/theopteam.net\/#website"},"primaryImageOfPage":{"@id":"https:\/\/theopteam.net\/os-precos-estao-esfriando-mas-isso-nao-significa-o-que-a-maioria-das-pessoas-imagina\/#primaryimage"},"image":{"@id":"https:\/\/theopteam.net\/os-precos-estao-esfriando-mas-isso-nao-significa-o-que-a-maioria-das-pessoas-imagina\/#primaryimage"},"thumbnailUrl":"https:\/\/theopteam.net\/wp-content\/uploads\/2026\/08\/4-1.png","datePublished":"2026-08-31T18:14:28+00:00","description":"Quando as manchetes dizem que os pre\u00e7os dos im\u00f3veis est\u00e3o desacelerando, muita gente interpreta isso como um sinal de crise. A realidade, por\u00e9m, \u00e9 bem diferente.","breadcrumb":{"@id":"https:\/\/theopteam.net\/os-precos-estao-esfriando-mas-isso-nao-significa-o-que-a-maioria-das-pessoas-imagina\/#breadcrumb"},"inLanguage":"en-US","potentialAction":[{"@type":"ReadAction","target":["https:\/\/theopteam.net\/os-precos-estao-esfriando-mas-isso-nao-significa-o-que-a-maioria-das-pessoas-imagina\/"]}]},{"@type":"ImageObject","inLanguage":"en-US","@id":"https:\/\/theopteam.net\/os-precos-estao-esfriando-mas-isso-nao-significa-o-que-a-maioria-das-pessoas-imagina\/#primaryimage","url":"https:\/\/theopteam.net\/wp-content\/uploads\/2026\/08\/4-1.png","contentUrl":"https:\/\/theopteam.net\/wp-content\/uploads\/2026\/08\/4-1.png","width":2050,"height":1370},{"@type":"BreadcrumbList","@id":"https:\/\/theopteam.net\/os-precos-estao-esfriando-mas-isso-nao-significa-o-que-a-maioria-das-pessoas-imagina\/#breadcrumb","itemListElement":[{"@type":"ListItem","position":1,"name":"In\u00edcio","item":"https:\/\/theopteam.net\/en\/"},{"@type":"ListItem","position":2,"name":"Os pre\u00e7os est\u00e3o esfriando. Mas isso n\u00e3o significa o que a maioria das pessoas imagina."}]},{"@type":"WebSite","@id":"https:\/\/theopteam.net\/#website","url":"https:\/\/theopteam.net\/","name":"The OP Team","description":"","publisher":{"@id":"https:\/\/theopteam.net\/#organization"},"potentialAction":[{"@type":"SearchAction","target":{"@type":"EntryPoint","urlTemplate":"https:\/\/theopteam.net\/?s={search_term_string}"},"query-input":{"@type":"PropertyValueSpecification","valueRequired":true,"valueName":"search_term_string"}}],"inLanguage":"en-US"},{"@type":"Organization","@id":"https:\/\/theopteam.net\/#organization","name":"The OP Team","url":"https:\/\/theopteam.net\/","logo":{"@type":"ImageObject","inLanguage":"en-US","@id":"https:\/\/theopteam.net\/#\/schema\/logo\/image\/","url":"https:\/\/theopteam.net\/wp-content\/uploads\/2024\/01\/logo-op-team.png","contentUrl":"https:\/\/theopteam.net\/wp-content\/uploads\/2024\/01\/logo-op-team.png","width":3089,"height":1550,"caption":"The OP Team"},"image":{"@id":"https:\/\/theopteam.net\/#\/schema\/logo\/image\/"}},{"@type":"Person","@id":"https:\/\/theopteam.net\/#\/schema\/person\/7e0307a5733fb2a6ce662f30e40ff4e8","name":"elen","image":{"@type":"ImageObject","inLanguage":"en-US","@id":"https:\/\/secure.gravatar.com\/avatar\/e1ad3d8fdc43b0bcab24899e60f90cd1a099f9869e8071e7eeaa6a17052209a0?s=96&d=mm&r=g","url":"https:\/\/secure.gravatar.com\/avatar\/e1ad3d8fdc43b0bcab24899e60f90cd1a099f9869e8071e7eeaa6a17052209a0?s=96&d=mm&r=g","contentUrl":"https:\/\/secure.gravatar.com\/avatar\/e1ad3d8fdc43b0bcab24899e60f90cd1a099f9869e8071e7eeaa6a17052209a0?s=96&d=mm&r=g","caption":"elen"},"url":"https:\/\/theopteam.net\/en\/author\/elen\/"}]}},"_links":{"self":[{"href":"https:\/\/theopteam.net\/en\/wp-json\/wp\/v2\/posts\/5524","targetHints":{"allow":["GET"]}}],"collection":[{"href":"https:\/\/theopteam.net\/en\/wp-json\/wp\/v2\/posts"}],"about":[{"href":"https:\/\/theopteam.net\/en\/wp-json\/wp\/v2\/types\/post"}],"author":[{"embeddable":true,"href":"https:\/\/theopteam.net\/en\/wp-json\/wp\/v2\/users\/13"}],"replies":[{"embeddable":true,"href":"https:\/\/theopteam.net\/en\/wp-json\/wp\/v2\/comments?post=5524"}],"version-history":[{"count":1,"href":"https:\/\/theopteam.net\/en\/wp-json\/wp\/v2\/posts\/5524\/revisions"}],"predecessor-version":[{"id":5527,"href":"https:\/\/theopteam.net\/en\/wp-json\/wp\/v2\/posts\/5524\/revisions\/5527"}],"wp:featuredmedia":[{"embeddable":true,"href":"https:\/\/theopteam.net\/en\/wp-json\/wp\/v2\/media\/5525"}],"wp:attachment":[{"href":"https:\/\/theopteam.net\/en\/wp-json\/wp\/v2\/media?parent=5524"}],"wp:term":[{"taxonomy":"category","embeddable":true,"href":"https:\/\/theopteam.net\/en\/wp-json\/wp\/v2\/categories?post=5524"},{"taxonomy":"post_tag","embeddable":true,"href":"https:\/\/theopteam.net\/en\/wp-json\/wp\/v2\/tags?post=5524"}],"curies":[{"name":"wp","href":"https:\/\/api.w.org\/{rel}","templated":true}]}}